{"id":1298,"date":"2017-09-19T18:37:12","date_gmt":"2017-09-19T21:37:12","guid":{"rendered":"http:\/\/febract.org.br\/portal\/?p=1298"},"modified":"2017-09-19T18:37:12","modified_gmt":"2017-09-19T21:37:12","slug":"drogas-e-suicidio-numeros-que-aumentam","status":"publish","type":"post","link":"https:\/\/febract.org.br\/portal\/2017\/09\/19\/drogas-e-suicidio-numeros-que-aumentam\/","title":{"rendered":"Drogas e suic\u00eddio: n\u00fameros que aumentam"},"content":{"rendered":"<div id=\"fb-root\"><\/div>\n<h3 style=\"text-align: justify;\">Segundo a OMS e a Associa\u00e7\u00e3o Internacional para a Preven\u00e7\u00e3o do Suic\u00eddio (AIPS), cerca de tr\u00eas mil pessoas cometem suic\u00eddio no mundo <em>diariamente<\/em>, o que significa que a cada tr\u00eas segundos uma pessoa se mata.<\/h3>\n<h1 class=\"entry-title\" style=\"text-align: justify;\"><\/h1>\n<p style=\"text-align: justify;\">Kurt Donald Cobain nasceu em 20 de fevereiro de 1967 em Hoquiam, noroeste dos EUA. Mas residiu em Aberdeen.<\/p>\n<p><a href=\"http:\/\/febract.org.br\/portal\/wp-content\/uploads\/2017\/09\/Kurt-Cobain.jpg\"><img loading=\"lazy\" decoding=\"async\" class=\"aligncenter wp-image-1300 size-medium\" src=\"http:\/\/febract.org.br\/portal\/wp-content\/uploads\/2017\/09\/Kurt-Cobain-300x225.jpg\" alt=\"Kurt Cobain - Drogas e Suic\u00eddio\" width=\"300\" height=\"225\" srcset=\"https:\/\/febract.org.br\/portal\/wp-content\/uploads\/2017\/09\/Kurt-Cobain-300x225.jpg 300w, https:\/\/febract.org.br\/portal\/wp-content\/uploads\/2017\/09\/Kurt-Cobain-768x576.jpg 768w, https:\/\/febract.org.br\/portal\/wp-content\/uploads\/2017\/09\/Kurt-Cobain.jpg 1024w\" sizes=\"auto, (max-width: 300px) 100vw, 300px\" \/><\/a><\/p>\n<p style=\"text-align: justify;\">Quando Kurt Cobain nasceu, seu pai, Donald, trabalhava num posto de gasolina e sua m\u00e3e, Wendy, era dona de casa.<\/p>\n<p style=\"text-align: justify;\">Na inf\u00e2ncia, Cobain era muito en\u00e9rgico e chegou a tomar <a href=\"http:\/\/paraentender.com.br\/ritalina\/\" target=\"_blank\" rel=\"noopener\">Ritalina<\/a>, rem\u00e9dio para transtorno de d\u00e9ficit de aten\u00e7\u00e3o com hiperatividade.<\/p>\n<p><a href=\"http:\/\/febract.org.br\/portal\/wp-content\/uploads\/2017\/09\/Ritalina.jpg\"><img loading=\"lazy\" decoding=\"async\" class=\"aligncenter wp-image-1301 size-medium\" src=\"http:\/\/febract.org.br\/portal\/wp-content\/uploads\/2017\/09\/Ritalina-300x160.jpg\" alt=\"Ritalina - Drogas e Suic\u00eddio\" width=\"300\" height=\"160\" srcset=\"https:\/\/febract.org.br\/portal\/wp-content\/uploads\/2017\/09\/Ritalina-300x160.jpg 300w, https:\/\/febract.org.br\/portal\/wp-content\/uploads\/2017\/09\/Ritalina.jpg 620w\" sizes=\"auto, (max-width: 300px) 100vw, 300px\" \/><\/a><\/p>\n<p style=\"text-align: justify;\">Um fato determinante na inf\u00e2ncia do cantor foi a separa\u00e7\u00e3o dos pais, porque marcou o in\u00edcio de seu comportamento rebelde.<\/p>\n<p style=\"text-align: justify;\">Kurt queria uma fam\u00edlia como a maioria e sentia-se constrangido por ter pais que n\u00e3o viviam juntos. Naquela \u00e9poca o div\u00f3rcio era incomum.<\/p>\n<p style=\"text-align: justify;\">Em virtude de sua indisciplina, o m\u00fasico mudou-se da casa da m\u00e3e e foi morar com o pai.<\/p>\n<p style=\"text-align: justify;\">O conv\u00edvio entre pai e filho era bom at\u00e9 Donald casar-se novamente, o que havia prometido a Kurt que n\u00e3o faria. O vocalista n\u00e3o se dava muito bem com a madrasta e os filhos dela.<\/p>\n<p style=\"text-align: justify;\">Por causa do relacionamento ruim com os novos membros da fam\u00edlia, o cantor deixou a resid\u00eancia do pai e passou a viver com parentes e amigos.<\/p>\n<p style=\"text-align: justify;\">Embora ainda mantivesse contado com os pais, \u00e0s vezes, Kurt Cobain passava a noite na sala de espera de um hospital.<\/p>\n<p style=\"text-align: justify;\">Na adolesc\u00eancia, em consequ\u00eancia dessa vida inst\u00e1vel, o m\u00fasico come\u00e7ou a usar droga e a ir mal na escola, onde era antissocial e considerado esquisito.<\/p>\n<h3><strong>Kurt manifestava tend\u00eancia suicida desde a juventude. <\/strong><\/h3>\n<p style=\"text-align: justify;\">Por debocharem dele na escola, certa vez ficou b\u00eabado e tentou se matar nos trilhos do trem.<\/p>\n<p style=\"text-align: justify;\">Nesse per\u00edodo, Cobain conheceu Krist Novoselic e, influenciado pelo grupo de rock da regi\u00e3o The Melvins, fundou sua banda.<\/p>\n<p style=\"text-align: justify;\">Assim surgiu o <strong>Nirvana<\/strong>, composto por Kurt Cobain nos vocais e guitarra e Krist no baixo.<\/p>\n<p style=\"text-align: justify;\">Em 1989, os artistas lan\u00e7aram seu primeiro disco, \u201cBleach\u201d, que teve certo \u00eaxito na cena alternativa.<\/p>\n<p style=\"text-align: justify;\">Em 1992, Kurt Cobain casou-se com Courtney Love, que era vocalista da banda Hole, e teve sua filha, Frances.<\/p>\n<p style=\"text-align: justify;\">Em mar\u04abo de 1994 (em Roma), o cantor, que sofria oscila\u00e7\u00f5es de humor, tentou \u2013 novamente sem sucesso \u2013 tirar a pr\u00f3pria vida atrav\u00e9s da ingest\u00e3o de comprimidos.<\/p>\n<p style=\"text-align: justify;\">No dia 18 do mesmo m\u00eas, a pol\u00edcia de Seattle recebeu uma liga\u00e7\u00e3o de Love dizendo que o marido havia se trancado no quarto com uma arma na tentativa de se matar.<\/p>\n<p style=\"text-align: justify;\">O epis\u00f3dio se resolveu no mesmo dia.<\/p>\n<p style=\"text-align: justify;\">Depois deste acontecimento, parentes e amigos de Cobain, preocupados com seu v\u00edcio em <a href=\"http:\/\/paraentender.com.br\/pe-heroina\/\" target=\"_blank\" rel=\"noopener\">hero\u00edna<\/a>, o convenceram a ir para um centro de reabilita\u00e7\u00e3o em Los Angeles.<\/p>\n<p style=\"text-align: justify;\">Depois de ficar poucos dias no lugar, o cantor fugiu.<\/p>\n<p><a href=\"http:\/\/febract.org.br\/portal\/wp-content\/uploads\/2017\/09\/Hero\u00edna.jpg\"><img loading=\"lazy\" decoding=\"async\" class=\"aligncenter wp-image-1302 size-medium\" src=\"http:\/\/febract.org.br\/portal\/wp-content\/uploads\/2017\/09\/Hero\u00edna-300x169.jpg\" alt=\"Hero\u00edna - drogas e Suic\u00eddio\" width=\"300\" height=\"169\" srcset=\"https:\/\/febract.org.br\/portal\/wp-content\/uploads\/2017\/09\/Hero\u00edna-300x169.jpg 300w, https:\/\/febract.org.br\/portal\/wp-content\/uploads\/2017\/09\/Hero\u00edna-768x432.jpg 768w, https:\/\/febract.org.br\/portal\/wp-content\/uploads\/2017\/09\/Hero\u00edna-1024x576.jpg 1024w, https:\/\/febract.org.br\/portal\/wp-content\/uploads\/2017\/09\/Hero\u00edna.jpg 1920w\" sizes=\"auto, (max-width: 300px) 100vw, 300px\" \/><\/a><\/p>\n<p style=\"text-align: justify;\">Kurt Cobain se matou em 5 de abril de 1994, aos 27 anos, quando estava sozinho em sua casa, em Seattle.<\/p>\n<p style=\"text-align: justify;\">Ap\u00f3s consumir uma grande dose de hero\u00edna, ele disparou um tiro de espingarda calibre 20 na cabe\u00e7a.<\/p>\n<p style=\"text-align: justify;\">Seu corpo foi encontrado na estufa da mans\u00e3o apenas tr\u00eas dias depois, por um eletricista que ia instalar um sistema de seguran\u00e7a na casa.<\/p>\n<p style=\"text-align: justify;\">Segundo o laudo oficial das autoridades, se n\u00e3o fosse o tiro, Kurt teria morrido de overdose de hero\u00edna.<\/p>\n<h3>pesquisas<\/h3>\n<p style=\"text-align: justify;\">De acordo com a Organiza\u00e7\u00e3o Mundial da Sa\u00fade (OMS) e a Associa\u00e7\u00e3o Internacional para a Preven\u00e7\u00e3o do Suic\u00eddio (AIPS), cerca de tr\u00eas mil pessoas cometem suic\u00eddio no mundo <em>diariamente<\/em>, o que significa que <strong>a cada tr\u00eas segundos uma pessoa se mata<\/strong>.<\/p>\n<p style=\"text-align: justify;\">As duas entidades divulgaram pesquisas apontando que <strong>o fator que mais predisp\u00f5e ao suic\u00eddio \u00e9 a depress\u00e3o.<\/strong><\/p>\n<p style=\"text-align: justify;\">Mas que muitos outros aumentam a propens\u00e3o, como transtornos bipolares, abuso de drogas e \u00e1lcool, esquizofrenia, antecedentes familiares, contextos socioecon\u00f4micos e educacionais pobres ou uma sa\u00fade f\u00edsica fr\u00e1gil.<\/p>\n<p style=\"text-align: justify;\">Impressionados com o aumento de <a href=\"http:\/\/paraentender.com.br\/jovem-drogas\/\" target=\"_blank\" rel=\"noopener\">suic\u00eddios em jovens<\/a>, pesquisadores da Universidade da Calif\u00f3rnia chegaram \u00e0 conclus\u00e3o que <strong>mais da metade dos suic\u00eddios eram resultantes do aumento de consumo de drogas il\u00edcitas e \u00e1lcool.<\/strong><\/p>\n<p style=\"text-align: justify;\">Da mesma forma, pesquisadores da <strong>Unidade de Pesquisa em \u00c1lcool e Drogas (Uniad) da Unifesp<\/strong>, analisaram tentativas de suic\u00eddio atendidas em um pronto-socorro de Embu das Artes, interior de S\u00e3o Paulo, e sua rela\u00e7\u00e3o com o consumo agudo, abuso ou depend\u00eancia de subst\u00e2ncias psicoativas.<\/p>\n<p style=\"text-align: justify;\">Os resultados mostraram que al\u00e9m do consumo de \u00e1lcool antes da tentativa, maconha e coca\u00edna tamb\u00e9m estiveram presentes em 7,5% dos casos analisados.<\/p>\n<p><sup>Fontes: OMS, Uniad, Blasting News e G1<\/sup><\/p>\n","protected":false},"excerpt":{"rendered":"<p>Segundo a OMS e a AIPS, cerca de tr\u00eas mil pessoas cometem suic\u00eddio no mundo diariamente, o que significa que a cada tr\u00eas segundos uma pessoa se mata [&#8230;]<\/p>\n","protected":false},"author":3,"featured_media":1279,"comment_status":"closed","ping_status":"open","sticky":false,"template":"","format":"standard","meta":{"_monsterinsights_skip_tracking":false,"_monsterinsights_sitenote_active":false,"_monsterinsights_sitenote_note":"","_monsterinsights_sitenote_category":0,"footnotes":""},"categories":[1],"tags":[309,310,312,308,21,82,313,307,69,143,311,246,194,191,65],"class_list":["post-1298","post","type-post","status-publish","format-standard","has-post-thumbnail","hentry","category-sem-categoria","tag-aips","tag-associacao-internacional-para-a-prevencao-do-suicidio","tag-deficit-de-atencao","tag-depressao","tag-drogas","tag-heroina","tag-hiperatividade","tag-kurt-cobain","tag-oms","tag-organizacao-mundial-da-saude","tag-ritalina","tag-suicidio","tag-uniad","tag-unifesp","tag-vicio"],"yoast_head":"<!-- This site is optimized with the Yoast SEO plugin v14.6.1 - https:\/\/yoast.com\/wordpress\/plugins\/seo\/ -->\n<title>Drogas e suic\u00eddio: n\u00fameros que aumentam - FEBRACT<\/title>\n<meta name=\"description\" content=\"Segundo a OMS e a AIPS, cerca de tr\u00eas mil pessoas cometem suic\u00eddio no mundo diariamente, o que significa que a cada tr\u00eas segundos uma pessoa se mata.\" \/>\n<meta name=\"robots\" content=\"index, follow\" \/>\n<meta name=\"googlebot\" content=\"index, follow, max-snippet:-1, max-image-preview:large, max-video-preview:-1\" \/>\n<meta name=\"bingbot\" content=\"index, follow, max-snippet:-1, max-image-preview:large, max-video-preview:-1\" \/>\n<link rel=\"canonical\" href=\"https:\/\/febract.org.br\/portal\/2017\/09\/19\/drogas-e-suicidio-numeros-que-aumentam\/\" \/>\n<meta property=\"og:locale\" content=\"pt_BR\" \/>\n<meta property=\"og:type\" content=\"article\" \/>\n<meta property=\"og:title\" content=\"Drogas e suic\u00eddio: n\u00fameros que aumentam - FEBRACT\" \/>\n<meta property=\"og:description\" content=\"Segundo a OMS e a AIPS, cerca de tr\u00eas mil pessoas cometem suic\u00eddio no mundo diariamente, o que significa que a cada tr\u00eas segundos uma pessoa se mata.\" \/>\n<meta property=\"og:url\" content=\"https:\/\/febract.org.br\/portal\/2017\/09\/19\/drogas-e-suicidio-numeros-que-aumentam\/\" \/>\n<meta property=\"og:site_name\" content=\"FEBRACT\" \/>\n<meta property=\"article:publisher\" content=\"https:\/\/www.facebook.com\/FEBRACT\/\" \/>\n<meta property=\"article:published_time\" content=\"2017-09-19T21:37:12+00:00\" \/>\n<meta property=\"og:image\" content=\"https:\/\/febract.org.br\/portal\/wp-content\/uploads\/2017\/09\/Febract-Informa-Drogas-e-Suic\u00eddio-n\u00fameros-que-aumentam.png\" \/>\n\t<meta property=\"og:image:width\" content=\"1200\" \/>\n\t<meta property=\"og:image:height\" content=\"628\" \/>\n<meta name=\"twitter:card\" content=\"summary\" \/>\n<script type=\"application\/ld+json\" class=\"yoast-schema-graph\">{\"@context\":\"https:\/\/schema.org\",\"@graph\":[{\"@type\":\"Organization\",\"@id\":\"https:\/\/febract.org.br\/portal\/#organization\",\"name\":\"Febract - Federa\\u00e7\\u00e3o Brasileira de Comunidades Terap\\u00eauticas\",\"url\":\"https:\/\/febract.org.br\/portal\/\",\"sameAs\":[\"https:\/\/www.facebook.com\/FEBRACT\/\"],\"logo\":{\"@type\":\"ImageObject\",\"@id\":\"https:\/\/febract.org.br\/portal\/#logo\",\"inLanguage\":\"pt-BR\",\"url\":\"https:\/\/febract.org.br\/portal\/wp-content\/uploads\/2016\/01\/footer-logo.jpg\",\"width\":150,\"height\":211,\"caption\":\"Febract - Federa\\u00e7\\u00e3o Brasileira de Comunidades Terap\\u00eauticas\"},\"image\":{\"@id\":\"https:\/\/febract.org.br\/portal\/#logo\"}},{\"@type\":\"WebSite\",\"@id\":\"https:\/\/febract.org.br\/portal\/#website\",\"url\":\"https:\/\/febract.org.br\/portal\/\",\"name\":\"FEBRACT\",\"description\":\"Federa\\u00e7\\u00e3o Brasileira  de Comunidades Terap\\u00eauticas. A FEBRACT fundada em 1990, \\u00e9 uma associa\\u00e7\\u00e3o sem fins lucrativos, que tem como Objetivo a realiza\\u00e7\\u00e3o de cursos para quem atua com preven\\u00e7\\u00e3o ao uso de drogas\",\"publisher\":{\"@id\":\"https:\/\/febract.org.br\/portal\/#organization\"},\"potentialAction\":[{\"@type\":\"SearchAction\",\"target\":\"https:\/\/febract.org.br\/portal\/?s={search_term_string}\",\"query-input\":\"required name=search_term_string\"}],\"inLanguage\":\"pt-BR\"},{\"@type\":\"ImageObject\",\"@id\":\"https:\/\/febract.org.br\/portal\/2017\/09\/19\/drogas-e-suicidio-numeros-que-aumentam\/#primaryimage\",\"inLanguage\":\"pt-BR\",\"url\":\"https:\/\/febract.org.br\/portal\/wp-content\/uploads\/2017\/09\/Febract-Informa-Drogas-e-Suic\\u00eddio-n\\u00fameros-que-aumentam.png\",\"width\":1200,\"height\":628},{\"@type\":\"WebPage\",\"@id\":\"https:\/\/febract.org.br\/portal\/2017\/09\/19\/drogas-e-suicidio-numeros-que-aumentam\/#webpage\",\"url\":\"https:\/\/febract.org.br\/portal\/2017\/09\/19\/drogas-e-suicidio-numeros-que-aumentam\/\",\"name\":\"Drogas e suic\\u00eddio: n\\u00fameros que aumentam - FEBRACT\",\"isPartOf\":{\"@id\":\"https:\/\/febract.org.br\/portal\/#website\"},\"primaryImageOfPage\":{\"@id\":\"https:\/\/febract.org.br\/portal\/2017\/09\/19\/drogas-e-suicidio-numeros-que-aumentam\/#primaryimage\"},\"datePublished\":\"2017-09-19T21:37:12+00:00\",\"dateModified\":\"2017-09-19T21:37:12+00:00\",\"description\":\"Segundo a OMS e a AIPS, cerca de tr\\u00eas mil pessoas cometem suic\\u00eddio no mundo diariamente, o que significa que a cada tr\\u00eas segundos uma pessoa se mata.\",\"inLanguage\":\"pt-BR\",\"potentialAction\":[{\"@type\":\"ReadAction\",\"target\":[\"https:\/\/febract.org.br\/portal\/2017\/09\/19\/drogas-e-suicidio-numeros-que-aumentam\/\"]}]},{\"@type\":\"Article\",\"@id\":\"https:\/\/febract.org.br\/portal\/2017\/09\/19\/drogas-e-suicidio-numeros-que-aumentam\/#article\",\"isPartOf\":{\"@id\":\"https:\/\/febract.org.br\/portal\/2017\/09\/19\/drogas-e-suicidio-numeros-que-aumentam\/#webpage\"},\"author\":{\"@id\":\"https:\/\/febract.org.br\/portal\/#\/schema\/person\/917d9aa870b887f79c9950d451dcae4f\"},\"headline\":\"Drogas e suic\\u00eddio: n\\u00fameros que aumentam\",\"datePublished\":\"2017-09-19T21:37:12+00:00\",\"dateModified\":\"2017-09-19T21:37:12+00:00\",\"mainEntityOfPage\":{\"@id\":\"https:\/\/febract.org.br\/portal\/2017\/09\/19\/drogas-e-suicidio-numeros-que-aumentam\/#webpage\"},\"publisher\":{\"@id\":\"https:\/\/febract.org.br\/portal\/#organization\"},\"image\":{\"@id\":\"https:\/\/febract.org.br\/portal\/2017\/09\/19\/drogas-e-suicidio-numeros-que-aumentam\/#primaryimage\"},\"keywords\":\"AIPS,Associa\\u00e7\\u00e3o Internacional para a Preven\\u00e7\\u00e3o do Suic\\u00eddio,D\\u00e9ficit de Aten\\u00e7\\u00e3o,Depress\\u00e3o,drogas,Hero\\u00edna,Hiperatividade,Kurt Cobain,OMS,Organiza\\u00e7\\u00e3o Mundial da Sa\\u00fade,Ritalina,Suic\\u00eddio,UNIAD,UNIFESP,V\\u00edcio\",\"inLanguage\":\"pt-BR\"},{\"@type\":[\"Person\"],\"@id\":\"https:\/\/febract.org.br\/portal\/#\/schema\/person\/917d9aa870b887f79c9950d451dcae4f\",\"name\":\"Fernando Rodrigues\",\"image\":{\"@type\":\"ImageObject\",\"@id\":\"https:\/\/febract.org.br\/portal\/#personlogo\",\"inLanguage\":\"pt-BR\",\"url\":\"https:\/\/secure.gravatar.com\/avatar\/b2f47b668d0f879641bb74332f7a0d9a?s=96&d=mm&r=g\",\"caption\":\"Fernando Rodrigues\"}}]}<\/script>\n<!-- \/ Yoast SEO plugin. -->","_links":{"self":[{"href":"https:\/\/febract.org.br\/portal\/wp-json\/wp\/v2\/posts\/1298","targetHints":{"allow":["GET"]}}],"collection":[{"href":"https:\/\/febract.org.br\/portal\/wp-json\/wp\/v2\/posts"}],"about":[{"href":"https:\/\/febract.org.br\/portal\/wp-json\/wp\/v2\/types\/post"}],"author":[{"embeddable":true,"href":"https:\/\/febract.org.br\/portal\/wp-json\/wp\/v2\/users\/3"}],"replies":[{"embeddable":true,"href":"https:\/\/febract.org.br\/portal\/wp-json\/wp\/v2\/comments?post=1298"}],"version-history":[{"count":4,"href":"https:\/\/febract.org.br\/portal\/wp-json\/wp\/v2\/posts\/1298\/revisions"}],"predecessor-version":[{"id":1305,"href":"https:\/\/febract.org.br\/portal\/wp-json\/wp\/v2\/posts\/1298\/revisions\/1305"}],"wp:featuredmedia":[{"embeddable":true,"href":"https:\/\/febract.org.br\/portal\/wp-json\/wp\/v2\/media\/1279"}],"wp:attachment":[{"href":"https:\/\/febract.org.br\/portal\/wp-json\/wp\/v2\/media?parent=1298"}],"wp:term":[{"taxonomy":"category","embeddable":true,"href":"https:\/\/febract.org.br\/portal\/wp-json\/wp\/v2\/categories?post=1298"},{"taxonomy":"post_tag","embeddable":true,"href":"https:\/\/febract.org.br\/portal\/wp-json\/wp\/v2\/tags?post=1298"}],"curies":[{"name":"wp","href":"https:\/\/api.w.org\/{rel}","templated":true}]}}