{"id":925,"date":"2017-08-08T17:06:27","date_gmt":"2017-08-08T20:06:27","guid":{"rendered":"http:\/\/febract.org.br\/portal\/?p=925"},"modified":"2017-08-08T17:06:27","modified_gmt":"2017-08-08T20:06:27","slug":"narguile-uso-e-danos-a-saude","status":"publish","type":"post","link":"https:\/\/febract.org.br\/portal\/2017\/08\/08\/narguile-uso-e-danos-a-saude\/","title":{"rendered":"Narguil\u00e9: Seu uso e consequ\u00eancias danosas \u00e0 sa\u00fade"},"content":{"rendered":"<div id=\"fb-root\"><\/div>\n<h1><strong>Comum entre jovens, narguil\u00e9 causa depend\u00eancia e est\u00e1 ligado ao c\u00e2ncer. <\/strong><\/h1>\n<p>&nbsp;<\/p>\n<p style=\"text-align: justify;\">Ao consumir o narguil\u00e9, al\u00e9m de absorver subst\u00e2ncias t\u00f3xicas, a pessoa inala os produtos da combust\u00e3o do carv\u00e3o utilizado para queimar o fumo.<\/p>\n<p style=\"text-align: center;\"><a href=\"http:\/\/febract.org.br\/portal\/wp-content\/uploads\/2017\/08\/Comum-entre-os-jovens.jpg\" rel=\"https:\/\/encrypted-tbn0.gstatic.com\/images?q=tbn:ANd9GcTcKEhkVJic_u9pnweP83wTIONubQVgdxpktN977MOHMUdIpZ8VHg\"><img loading=\"lazy\" decoding=\"async\" class=\"aligncenter wp-image-928\" src=\"http:\/\/febract.org.br\/portal\/wp-content\/uploads\/2017\/08\/Comum-entre-os-jovens-300x200.jpg\" alt=\"Comum entre os jovens\" width=\"400\" height=\"266\" srcset=\"https:\/\/febract.org.br\/portal\/wp-content\/uploads\/2017\/08\/Comum-entre-os-jovens-300x200.jpg 300w, https:\/\/febract.org.br\/portal\/wp-content\/uploads\/2017\/08\/Comum-entre-os-jovens.jpg 640w\" sizes=\"auto, (max-width: 400px) 100vw, 400px\" \/><\/a>\u00a0 Foto: Ed Viggiani\/Estad\u00e3o<\/p>\n<p style=\"text-align: justify;\">Com consumo crescente no Ocidente, principalmente no Brasil, Estados Unidos e Europa, seu uso leva \u00e0 depend\u00eancia de nicotina, \u00e9 porta de entrada para outras formas de tabaco e aumenta o risco para desenvolvimento do c\u00e2ncer, assim como para doen\u00e7as cardiovasculares e infecciosas, como herpes, hepatite e tuberculose, alerta a <strong>Organiza\u00e7\u00e3o Mundial de Sa\u00fade<\/strong>.<\/p>\n<p><a href=\"http:\/\/febract.org.br\/portal\/wp-content\/uploads\/2017\/08\/narguile-faz-mais-mal-a-saude-do-que-o-cigarro.jpg\" rel=\"http:\/\/www.clinicapracadaarvore.com.br\/wp-content\/uploads\/2014\/09\/narguile-faz-mais-mal-a-saude-do-que-o-cigarro.jpg\"><img loading=\"lazy\" decoding=\"async\" class=\"aligncenter wp-image-935\" src=\"http:\/\/febract.org.br\/portal\/wp-content\/uploads\/2017\/08\/narguile-faz-mais-mal-a-saude-do-que-o-cigarro-300x245.jpg\" alt=\"Narguil\u00e9 - Muito pior que cigarro\" width=\"400\" height=\"327\" srcset=\"https:\/\/febract.org.br\/portal\/wp-content\/uploads\/2017\/08\/narguile-faz-mais-mal-a-saude-do-que-o-cigarro-300x245.jpg 300w, https:\/\/febract.org.br\/portal\/wp-content\/uploads\/2017\/08\/narguile-faz-mais-mal-a-saude-do-que-o-cigarro.jpg 574w\" sizes=\"auto, (max-width: 400px) 100vw, 400px\" \/><\/a><\/p>\n<p style=\"text-align: justify;\">Criado na \u00cdndia no s\u00e9culo 16, o narguil\u00e9 \u00e9 popular em pa\u00edses do sudeste asi\u00e1tico, do norte da \u00c1frica e do mediterr\u00e2neo Oriental.<\/p>\n<p style=\"text-align: justify;\">O consumo desse cachimbo com \u00e1gua, por sua vez, vem se popularizando, desde os anos 1990, tamb\u00e9m entre os jovens brasileiros, norte-americanos e de parte da Europa, sendo uma <strong>porta de entrada para a depend\u00eancia de nicotina e o consumo de outras formas de tabaco<\/strong>.<\/p>\n<p style=\"text-align: justify;\">O alerta \u00e9 da Organiza\u00e7\u00e3o Mundial de Sa\u00fade (OMS), por meio do <strong>Relat\u00f3rio do Grupo de Estudo para Regula\u00e7\u00e3o do Tabagismo (TobReg-WHO)<\/strong>, dispon\u00edvel <a href=\"http:\/\/www.who.int\/tobacco\/global_interaction\/tobreg\/waterpipe\/en\/\">aqui<\/a>.<\/p>\n<p style=\"text-align: justify;\">Mais do que conter \u00e1gua, o narguil\u00e9 \u00e9 um cachimbo que traz um fumo especial, feito com tabaco, mela\u00e7o e frutas ou aromatizantes.<\/p>\n<p style=\"text-align: justify;\">O fumo \u00e9 queimado em um fornilho e sua fuma\u00e7a, ap\u00f3s atravessar um recipiente com \u00e1gua, \u00e9 aspirada por uma mangueira at\u00e9 chegar \u00e0 boca.<\/p>\n<p style=\"text-align: justify;\">Difundido pela ind\u00fastria tabagista como uma forma inofensiva de consumo de tabaco com a argumenta\u00e7\u00e3o de que a \u00e1gua seria capaz de filtrar os componentes t\u00f3xicos, o narguil\u00e9 \u00e9 sim prejudicial \u00e0 sa\u00fade.<\/p>\n<p><a href=\"http:\/\/febract.org.br\/portal\/wp-content\/uploads\/2017\/08\/partes-do-narguile.jpg\" rel=\"https:\/\/i1.wp.com\/s2.static.brasilescola.com\/img\/2013\/11\/partes-do-narguile.jpg\"><img loading=\"lazy\" decoding=\"async\" class=\"aligncenter wp-image-936\" src=\"http:\/\/febract.org.br\/portal\/wp-content\/uploads\/2017\/08\/partes-do-narguile-300x278.jpg\" alt=\"Partes do Narguile\" width=\"400\" height=\"371\" srcset=\"https:\/\/febract.org.br\/portal\/wp-content\/uploads\/2017\/08\/partes-do-narguile-300x278.jpg 300w, https:\/\/febract.org.br\/portal\/wp-content\/uploads\/2017\/08\/partes-do-narguile.jpg 371w\" sizes=\"auto, (max-width: 400px) 100vw, 400px\" \/><\/a><\/p>\n<p style=\"text-align: justify;\">Ao consumir o narguil\u00e9, <strong>al\u00e9m de absorver subst\u00e2ncias t\u00f3xicas, a pessoa inala os produtos da combust\u00e3o do carv\u00e3o utilizado para queimar o fumo<\/strong>.<\/p>\n<p style=\"text-align: justify;\"><em>&#8220;A quantidade de mon\u00f3xido de carbono inalada no consumo do narguil\u00e9 \u00e9 muito maior do que no cigarro, pois n\u00e3o h\u00e1 filtro. A \u00e1gua serve apenas para resfriar a fuma\u00e7a do tabaco queimado&#8221;<\/em>, afirma o cirurgi\u00e3o oncologista e diretor do Departamento de Pulm\u00e3o e T\u00f3rax do A.C.Camargo Cancer Center, <strong>Jefferson Luiz Gross<\/strong>.<\/p>\n<p style=\"text-align: justify;\">De acordo com a <strong>OMS<\/strong>, <strong>n\u00e3o existe consumo seguro de tabaco<\/strong>, incluindo charuto, cachimbo, cigarro e o pr\u00f3prio narguil\u00e9.<\/p>\n<p style=\"text-align: justify;\">Alguns estudos sugerem, inclusive, que <strong>a quantidade de nicotina inalada com o narguil\u00e9 \u00e9 pelo menos o dobro da inalada pelo consumo do cigarro normal<\/strong>, causando uma depend\u00eancia ainda maior.<\/p>\n<p style=\"text-align: justify;\">Al\u00e9m disso, o cigarro \u00e9 consumido em cinco ou dez minutos, enquanto o narguil\u00e9, geralmente utilizado socialmente na roda com os amigos, \u00e9 inalado por at\u00e9 duas horas seguidas, intensificando a quantidade de nicotina.<\/p>\n<p style=\"text-align: justify;\">O mesmo documento ressalta que entre os jovens tabagistas na faixa dos <strong>13 aos 15 anos<\/strong>, ao menos <strong>20%<\/strong> j\u00e1 s\u00e3o consumidores de narguil\u00e9.<\/p>\n<p><a href=\"http:\/\/febract.org.br\/portal\/wp-content\/uploads\/2017\/08\/Depend\u00eancia-Nicotina.jpg\" rel=\"http:\/\/imgsapp2.correiobraziliense.com.br\/app\/noticia_127983242361\/2017\/07\/11\/608535\/20170711074130711396u.jpg\"><img loading=\"lazy\" decoding=\"async\" class=\"aligncenter wp-image-929\" src=\"http:\/\/febract.org.br\/portal\/wp-content\/uploads\/2017\/08\/Depend\u00eancia-Nicotina-205x300.jpg\" alt=\"Depend\u00eancia de Nicotina\" width=\"305\" height=\"446\" srcset=\"https:\/\/febract.org.br\/portal\/wp-content\/uploads\/2017\/08\/Depend\u00eancia-Nicotina-205x300.jpg 205w, https:\/\/febract.org.br\/portal\/wp-content\/uploads\/2017\/08\/Depend\u00eancia-Nicotina.jpg 600w\" sizes=\"auto, (max-width: 305px) 100vw, 305px\" \/><\/a><\/p>\n<p style=\"text-align: justify;\">Um estudo realizado pelo <strong>Instituto Brasileiro de Geografia e Estat\u00edstic<\/strong>a (IBGE) em parceria com o <strong>Instituto Nacional do C\u00e2ncer<\/strong> (INCA) concluiu que fumar narguil\u00e9 por uma hora seguida corresponde ao consumo de tabaco de <strong>cem cigarros<\/strong>.<\/p>\n<p style=\"text-align: justify;\">Al\u00e9m disso, dados mostram que, apesar de terem conhecimento e consci\u00eancia dos riscos do tabaco, <strong>55%<\/strong> dos estudantes da \u00e1rea de sa\u00fade que fumam tamb\u00e9m utilizam o narguil\u00e9.<\/p>\n<p style=\"text-align: justify;\">Outra preocupa\u00e7\u00e3o \u00e9 que o uso de narguil\u00e9 est\u00e1 associado, muitas vezes, ao <strong>consumo de outras drogas<\/strong>.<\/p>\n<p style=\"text-align: justify;\">Algumas pessoas colocam bebida alco\u00f3lica, como vodka e cacha\u00e7a, ao inv\u00e9s da \u00e1gua, e misturam maconha ou crack com o tabaco.<\/p>\n<p style=\"text-align: justify;\"><em>&#8220;Nessas situa\u00e7\u00f5es, o narguil\u00e9 se torna uma verdadeira bomba. Al\u00e9m do \u00e1lcool, que \u00e9 vol\u00e1til, a pessoa tamb\u00e9m inala as subst\u00e2ncias t\u00f3xicas do tabaco, das outras drogas e da fuma\u00e7a do carv\u00e3o&#8221;<\/em>, completa <strong>Jefferson Luiz Gross<\/strong>.<\/p>\n<p style=\"text-align: justify;\">A comercializa\u00e7\u00e3o de narguil\u00e9 em S\u00e3o Paulo \u00e9 regulamentada pela Lei 13.779, que restringe a venda e o consumo de narguil\u00e9 apenas aos maiores de 18 anos.<\/p>\n<p style=\"text-align: justify;\">De acordo com a <strong>OMS<\/strong>, o uso do produto est\u00e1 associado com o desenvolvimento de c\u00e2ncer, principalmente de pulm\u00e3o, assim como de doen\u00e7as cardiovasculares.<\/p>\n<p style=\"text-align: justify;\">O consumo em longo prazo, afirma o <strong>INCA<\/strong>, tamb\u00e9m estaria associado com um maior risco para c\u00e2ncer de boca e bexiga.<\/p>\n<p style=\"text-align: justify;\">Al\u00e9m disso, como a mangueira \u00e9 geralmente compartilhada por v\u00e1rios indiv\u00edduos, pode tamb\u00e9m levar a doen\u00e7as infecciosas como herpes, hepatite e tuberculose.<\/p>\n<p><em>Consultoria: A.C.Camargo Cancer Center<\/em><\/p>\n<p>Fonte: O Estado de S.Paulo<\/p>\n","protected":false},"excerpt":{"rendered":"<p>O cheiro das ess\u00eancias usadas no narguile \u00e9 um convite para juntar uma roda de amigos e passar o tempo. Apesar de ser um jeito mais \u201ccharmoso\u201d de fumar, a divers\u00e3o de origem indiana \u00e9 mais danosa para o organismo que o cigarro [&#8230;]<\/p>\n","protected":false},"author":3,"featured_media":933,"comment_status":"closed","ping_status":"open","sticky":false,"template":"","format":"standard","meta":{"_monsterinsights_skip_tracking":false,"_monsterinsights_sitenote_active":false,"_monsterinsights_sitenote_note":"","_monsterinsights_sitenote_category":0,"footnotes":""},"categories":[4],"tags":[20,162,64,27,156,164,21,157,160,159,165,155,158,69,163,67,161,65],"class_list":["post-925","post","type-post","status-publish","format-standard","has-post-thumbnail","hentry","category-informativo","tag-alcool","tag-cancer","tag-cigarros","tag-dependencia-quimica","tag-doencas","tag-doencas-cardiovasculares","tag-drogas","tag-fumaca","tag-hepatite","tag-herpes","tag-inca","tag-narguile","tag-nicotina","tag-oms","tag-pulmao","tag-tabaco","tag-tuberculose","tag-vicio"],"yoast_head":"<!-- This site is optimized with the Yoast SEO plugin v14.6.1 - https:\/\/yoast.com\/wordpress\/plugins\/seo\/ -->\n<title>Narguil\u00e9: Seu uso e consequ\u00eancias danosas \u00e0 sa\u00fade - FEBRACT<\/title>\n<meta name=\"description\" content=\"OMS alerta que o consumo frequente de Narguil\u00e9 leva \u00e0 depend\u00eancia de nicotina e aumenta o risco de desenvolvimento de c\u00e2ncer e v\u00e1rias outras doen\u00e7as\" \/>\n<meta name=\"robots\" content=\"index, follow\" \/>\n<meta name=\"googlebot\" content=\"index, follow, max-snippet:-1, max-image-preview:large, max-video-preview:-1\" \/>\n<meta name=\"bingbot\" content=\"index, follow, max-snippet:-1, max-image-preview:large, max-video-preview:-1\" \/>\n<link rel=\"canonical\" href=\"https:\/\/febract.org.br\/portal\/2017\/08\/08\/narguile-uso-e-danos-a-saude\/\" \/>\n<meta property=\"og:locale\" content=\"pt_BR\" \/>\n<meta property=\"og:type\" content=\"article\" \/>\n<meta property=\"og:title\" content=\"Narguil\u00e9: Seu uso e consequ\u00eancias danosas \u00e0 sa\u00fade - FEBRACT\" \/>\n<meta property=\"og:description\" content=\"OMS alerta que o consumo frequente de Narguil\u00e9 leva \u00e0 depend\u00eancia de nicotina e aumenta o risco de desenvolvimento de c\u00e2ncer e v\u00e1rias outras doen\u00e7as\" \/>\n<meta property=\"og:url\" content=\"https:\/\/febract.org.br\/portal\/2017\/08\/08\/narguile-uso-e-danos-a-saude\/\" \/>\n<meta property=\"og:site_name\" content=\"FEBRACT\" \/>\n<meta property=\"article:publisher\" content=\"https:\/\/www.facebook.com\/FEBRACT\/\" \/>\n<meta property=\"article:published_time\" content=\"2017-08-08T20:06:27+00:00\" \/>\n<meta property=\"og:image\" content=\"https:\/\/febract.org.br\/portal\/wp-content\/uploads\/2017\/08\/Febract-Informa-Narguil\u00e9-As-consequ\u00eancias-de-seu-uso.png\" \/>\n\t<meta property=\"og:image:width\" content=\"1200\" \/>\n\t<meta property=\"og:image:height\" content=\"628\" \/>\n<meta name=\"twitter:card\" content=\"summary\" \/>\n<script type=\"application\/ld+json\" class=\"yoast-schema-graph\">{\"@context\":\"https:\/\/schema.org\",\"@graph\":[{\"@type\":\"Organization\",\"@id\":\"https:\/\/febract.org.br\/portal\/#organization\",\"name\":\"Febract - Federa\\u00e7\\u00e3o Brasileira de Comunidades Terap\\u00eauticas\",\"url\":\"https:\/\/febract.org.br\/portal\/\",\"sameAs\":[\"https:\/\/www.facebook.com\/FEBRACT\/\"],\"logo\":{\"@type\":\"ImageObject\",\"@id\":\"https:\/\/febract.org.br\/portal\/#logo\",\"inLanguage\":\"pt-BR\",\"url\":\"https:\/\/febract.org.br\/portal\/wp-content\/uploads\/2016\/01\/footer-logo.jpg\",\"width\":150,\"height\":211,\"caption\":\"Febract - Federa\\u00e7\\u00e3o Brasileira de Comunidades Terap\\u00eauticas\"},\"image\":{\"@id\":\"https:\/\/febract.org.br\/portal\/#logo\"}},{\"@type\":\"WebSite\",\"@id\":\"https:\/\/febract.org.br\/portal\/#website\",\"url\":\"https:\/\/febract.org.br\/portal\/\",\"name\":\"FEBRACT\",\"description\":\"Federa\\u00e7\\u00e3o Brasileira  de Comunidades Terap\\u00eauticas. A FEBRACT fundada em 1990, \\u00e9 uma associa\\u00e7\\u00e3o sem fins lucrativos, que tem como Objetivo a realiza\\u00e7\\u00e3o de cursos para quem atua com preven\\u00e7\\u00e3o ao uso de drogas\",\"publisher\":{\"@id\":\"https:\/\/febract.org.br\/portal\/#organization\"},\"potentialAction\":[{\"@type\":\"SearchAction\",\"target\":\"https:\/\/febract.org.br\/portal\/?s={search_term_string}\",\"query-input\":\"required name=search_term_string\"}],\"inLanguage\":\"pt-BR\"},{\"@type\":\"ImageObject\",\"@id\":\"https:\/\/febract.org.br\/portal\/2017\/08\/08\/narguile-uso-e-danos-a-saude\/#primaryimage\",\"inLanguage\":\"pt-BR\",\"url\":\"https:\/\/febract.org.br\/portal\/wp-content\/uploads\/2017\/08\/Febract-Informa-Narguil\\u00e9-As-consequ\\u00eancias-de-seu-uso.png\",\"width\":1200,\"height\":628},{\"@type\":\"WebPage\",\"@id\":\"https:\/\/febract.org.br\/portal\/2017\/08\/08\/narguile-uso-e-danos-a-saude\/#webpage\",\"url\":\"https:\/\/febract.org.br\/portal\/2017\/08\/08\/narguile-uso-e-danos-a-saude\/\",\"name\":\"Narguil\\u00e9: Seu uso e consequ\\u00eancias danosas \\u00e0 sa\\u00fade - FEBRACT\",\"isPartOf\":{\"@id\":\"https:\/\/febract.org.br\/portal\/#website\"},\"primaryImageOfPage\":{\"@id\":\"https:\/\/febract.org.br\/portal\/2017\/08\/08\/narguile-uso-e-danos-a-saude\/#primaryimage\"},\"datePublished\":\"2017-08-08T20:06:27+00:00\",\"dateModified\":\"2017-08-08T20:06:27+00:00\",\"description\":\"OMS alerta que o consumo frequente de Narguil\\u00e9 leva \\u00e0 depend\\u00eancia de nicotina e aumenta o risco de desenvolvimento de c\\u00e2ncer e v\\u00e1rias outras doen\\u00e7as\",\"inLanguage\":\"pt-BR\",\"potentialAction\":[{\"@type\":\"ReadAction\",\"target\":[\"https:\/\/febract.org.br\/portal\/2017\/08\/08\/narguile-uso-e-danos-a-saude\/\"]}]},{\"@type\":\"Article\",\"@id\":\"https:\/\/febract.org.br\/portal\/2017\/08\/08\/narguile-uso-e-danos-a-saude\/#article\",\"isPartOf\":{\"@id\":\"https:\/\/febract.org.br\/portal\/2017\/08\/08\/narguile-uso-e-danos-a-saude\/#webpage\"},\"author\":{\"@id\":\"https:\/\/febract.org.br\/portal\/#\/schema\/person\/917d9aa870b887f79c9950d451dcae4f\"},\"headline\":\"Narguil\\u00e9: Seu uso e consequ\\u00eancias danosas \\u00e0 sa\\u00fade\",\"datePublished\":\"2017-08-08T20:06:27+00:00\",\"dateModified\":\"2017-08-08T20:06:27+00:00\",\"mainEntityOfPage\":{\"@id\":\"https:\/\/febract.org.br\/portal\/2017\/08\/08\/narguile-uso-e-danos-a-saude\/#webpage\"},\"publisher\":{\"@id\":\"https:\/\/febract.org.br\/portal\/#organization\"},\"image\":{\"@id\":\"https:\/\/febract.org.br\/portal\/2017\/08\/08\/narguile-uso-e-danos-a-saude\/#primaryimage\"},\"keywords\":\"\\u00e1lcool,C\\u00e2ncer,Cigarros,Depend\\u00eancia Qu\\u00edmica,Doen\\u00e7as,Doen\\u00e7as Cardiovasculares,drogas,Fuma\\u00e7a,Hepatite,Herpes,INCA,Narguil\\u00e9,Nicotina,OMS,Pulm\\u00e3o,Tabaco,Tuberculose,V\\u00edcio\",\"articleSection\":\"Informativo\",\"inLanguage\":\"pt-BR\"},{\"@type\":[\"Person\"],\"@id\":\"https:\/\/febract.org.br\/portal\/#\/schema\/person\/917d9aa870b887f79c9950d451dcae4f\",\"name\":\"Fernando Rodrigues\",\"image\":{\"@type\":\"ImageObject\",\"@id\":\"https:\/\/febract.org.br\/portal\/#personlogo\",\"inLanguage\":\"pt-BR\",\"url\":\"https:\/\/secure.gravatar.com\/avatar\/b2f47b668d0f879641bb74332f7a0d9a?s=96&d=mm&r=g\",\"caption\":\"Fernando Rodrigues\"}}]}<\/script>\n<!-- \/ Yoast SEO plugin. -->","_links":{"self":[{"href":"https:\/\/febract.org.br\/portal\/wp-json\/wp\/v2\/posts\/925","targetHints":{"allow":["GET"]}}],"collection":[{"href":"https:\/\/febract.org.br\/portal\/wp-json\/wp\/v2\/posts"}],"about":[{"href":"https:\/\/febract.org.br\/portal\/wp-json\/wp\/v2\/types\/post"}],"author":[{"embeddable":true,"href":"https:\/\/febract.org.br\/portal\/wp-json\/wp\/v2\/users\/3"}],"replies":[{"embeddable":true,"href":"https:\/\/febract.org.br\/portal\/wp-json\/wp\/v2\/comments?post=925"}],"version-history":[{"count":7,"href":"https:\/\/febract.org.br\/portal\/wp-json\/wp\/v2\/posts\/925\/revisions"}],"predecessor-version":[{"id":940,"href":"https:\/\/febract.org.br\/portal\/wp-json\/wp\/v2\/posts\/925\/revisions\/940"}],"wp:featuredmedia":[{"embeddable":true,"href":"https:\/\/febract.org.br\/portal\/wp-json\/wp\/v2\/media\/933"}],"wp:attachment":[{"href":"https:\/\/febract.org.br\/portal\/wp-json\/wp\/v2\/media?parent=925"}],"wp:term":[{"taxonomy":"category","embeddable":true,"href":"https:\/\/febract.org.br\/portal\/wp-json\/wp\/v2\/categories?post=925"},{"taxonomy":"post_tag","embeddable":true,"href":"https:\/\/febract.org.br\/portal\/wp-json\/wp\/v2\/tags?post=925"}],"curies":[{"name":"wp","href":"https:\/\/api.w.org\/{rel}","templated":true}]}}